{"id":4277,"date":"2023-03-27T20:43:44","date_gmt":"2023-03-27T18:43:44","guid":{"rendered":"https:\/\/cesarbaggio.fr\/WP\/?p=4277"},"modified":"2023-03-27T20:43:45","modified_gmt":"2023-03-27T18:43:45","slug":"collecte-de-livres-avec-recyclivre","status":"publish","type":"post","link":"https:\/\/cesarbaggio.fr\/WP\/2023\/03\/27\/collecte-de-livres-avec-recyclivre\/","title":{"rendered":"Collecte de livres avec Recyclivre"},"content":{"rendered":"\n<p>Durant la semaine du 30 janvier au 3 f\u00e9vrier 2023, <strong>une collecte de livres<\/strong> a eu lieu au lyc\u00e9e Baggio, en partenariat avec le lyc\u00e9e Gaston Berger. Ce dernier propose en effet \u00e0 des \u00e9tablissements scolaires de participer \u00e0 leur grande collecte annuelle. Le but \u00e9tait de r\u00e9colter le maximum de livres possible afin de leur donner une autre vie gr\u00e2ce \u00e0 l\u2019<strong>association Recyclivre<\/strong>. Cette entreprise r\u00e9colte des ouvrages d\u2019occasion afin de les revendre, de les donner ou de les recycler dans une d\u00e9marche \u00e9cologique.<\/p>\n\n\n\n<div class=\"wp-block-group is-layout-flow wp-block-group-is-layout-flow\">\n<div class=\"wp-block-columns is-layout-flex wp-container-core-columns-is-layout-28f84493 wp-block-columns-is-layout-flex\">\n<div class=\"wp-block-column is-layout-flow wp-block-column-is-layout-flow\" style=\"flex-basis:100%\">\n<figure class=\"wp-block-image size-medium\"><img loading=\"lazy\" decoding=\"async\" width=\"212\" height=\"300\" src=\"https:\/\/cesarbaggio.fr\/WP\/wp-content\/uploads\/2023\/03\/Affiche-lyce\u0301e-Baggio-212x300.png\" alt=\"\" class=\"wp-image-4278\" srcset=\"https:\/\/cesarbaggio.fr\/WP\/wp-content\/uploads\/2023\/03\/Affiche-lyce\u0301e-Baggio-212x300.png 212w, https:\/\/cesarbaggio.fr\/WP\/wp-content\/uploads\/2023\/03\/Affiche-lyce\u0301e-Baggio-723x1024.png 723w, https:\/\/cesarbaggio.fr\/WP\/wp-content\/uploads\/2023\/03\/Affiche-lyce\u0301e-Baggio-768x1087.png 768w, https:\/\/cesarbaggio.fr\/WP\/wp-content\/uploads\/2023\/03\/Affiche-lyce\u0301e-Baggio-1085x1536.png 1085w, https:\/\/cesarbaggio.fr\/WP\/wp-content\/uploads\/2023\/03\/Affiche-lyce\u0301e-Baggio-1024x1450.png 1024w, https:\/\/cesarbaggio.fr\/WP\/wp-content\/uploads\/2023\/03\/Affiche-lyce\u0301e-Baggio-17x24.png 17w, https:\/\/cesarbaggio.fr\/WP\/wp-content\/uploads\/2023\/03\/Affiche-lyce\u0301e-Baggio-25x36.png 25w, https:\/\/cesarbaggio.fr\/WP\/wp-content\/uploads\/2023\/03\/Affiche-lyce\u0301e-Baggio-34x48.png 34w, https:\/\/cesarbaggio.fr\/WP\/wp-content\/uploads\/2023\/03\/Affiche-lyce\u0301e-Baggio.png 1270w\" sizes=\"auto, (max-width: 212px) 100vw, 212px\" \/><figcaption><em>Affiche r\u00e9alis\u00e9e par le lyc\u00e9e Gaston Berger<\/em><\/figcaption><\/figure>\n<\/div>\n<\/div>\n<\/div>\n\n\n\n<p>Des \u00e9co-d\u00e9l\u00e9gu\u00e9s du lyc\u00e9e encadr\u00e9s par Mme Wiard ont donc particip\u00e9 \u00e0 l\u2019\u00e9v\u00e9nement afin de r\u00e9colter le plus de livres possible. Des dizaines de cartons de livres apport\u00e9s par des \u00e9l\u00e8ves, des professeurs et la FCPE ont \u00e9t\u00e9 donn\u00e9s aux \u00e9tudiants du lyc\u00e9e Gaston Berger qui avaient la charge de les transmettre \u00e0 l\u2019association. Au total, l\u2019ensemble de la collecte a permis de sauver<strong> plus de 11 arbres, \u00e9conomiser 978 kilos de CO2 et 339 600 litres d&rsquo;eau.<\/strong><\/p>\n\n\n\n<p>Merci \u00e0 tous pour votre participation \u00e0 cette action \u00e9cologique&nbsp;!<\/p>\n","protected":false},"excerpt":{"rendered":"<p>Durant la semaine du 30 janvier au 3 f\u00e9vrier 2023, une collecte de livres a&#8230;<\/p>\n","protected":false},"author":8,"featured_media":4279,"comment_status":"closed","ping_status":"open","sticky":false,"template":"","format":"standard","meta":{"_jetpack_memberships_contains_paid_content":false,"footnotes":""},"categories":[6,5,95,13],"tags":[90,88,102],"class_list":["post-4277","post","type-post","status-publish","format-standard","has-post-thumbnail","hentry","category-actualite","category-evenement","category-projet-climat","category-vie-du-lycee","tag-ecologie","tag-projet-climat","tag-recyclage"],"featured_image_urls":{"full":["https:\/\/cesarbaggio.fr\/WP\/wp-content\/uploads\/2023\/03\/recyclivre.jpg",1280,720,false],"thumbnail":["https:\/\/cesarbaggio.fr\/WP\/wp-content\/uploads\/2023\/03\/recyclivre-150x150.jpg",150,150,true],"medium":["https:\/\/cesarbaggio.fr\/WP\/wp-content\/uploads\/2023\/03\/recyclivre-300x169.jpg",300,169,true],"medium_large":["https:\/\/cesarbaggio.fr\/WP\/wp-content\/uploads\/2023\/03\/recyclivre-768x432.jpg",640,360,true],"large":["https:\/\/cesarbaggio.fr\/WP\/wp-content\/uploads\/2023\/03\/recyclivre-1024x576.jpg",640,360,true],"1536x1536":["https:\/\/cesarbaggio.fr\/WP\/wp-content\/uploads\/2023\/03\/recyclivre.jpg",1280,720,false],"2048x2048":["https:\/\/cesarbaggio.fr\/WP\/wp-content\/uploads\/2023\/03\/recyclivre.jpg",1280,720,false],"newsphere-slider-full":["https:\/\/cesarbaggio.fr\/WP\/wp-content\/uploads\/2023\/03\/recyclivre-1280x720.jpg",1280,720,true],"newsphere-featured":["https:\/\/cesarbaggio.fr\/WP\/wp-content\/uploads\/2023\/03\/recyclivre-1024x576.jpg",1024,576,true],"newsphere-medium":["https:\/\/cesarbaggio.fr\/WP\/wp-content\/uploads\/2023\/03\/recyclivre-720x380.jpg",720,380,true],"menu-24x24":["https:\/\/cesarbaggio.fr\/WP\/wp-content\/uploads\/2023\/03\/recyclivre-24x14.jpg",24,14,true],"menu-36x36":["https:\/\/cesarbaggio.fr\/WP\/wp-content\/uploads\/2023\/03\/recyclivre-36x20.jpg",36,20,true],"menu-48x48":["https:\/\/cesarbaggio.fr\/WP\/wp-content\/uploads\/2023\/03\/recyclivre-48x27.jpg",48,27,true]},"author_info":{"display_name":"Gaudeline Wagner","author_link":"https:\/\/cesarbaggio.fr\/WP\/author\/wagner-g\/"},"category_info":"<a href=\"https:\/\/cesarbaggio.fr\/WP\/category\/actualite\/\" rel=\"category tag\">Actualit\u00e9<\/a> <a href=\"https:\/\/cesarbaggio.fr\/WP\/category\/evenement\/\" rel=\"category tag\">\u00c9v\u00e9nement<\/a> <a href=\"https:\/\/cesarbaggio.fr\/WP\/category\/projet-climat\/\" rel=\"category tag\">Projet-Climat<\/a> <a href=\"https:\/\/cesarbaggio.fr\/WP\/category\/vie-du-lycee\/\" rel=\"category tag\">Vie du Lyc\u00e9e<\/a>","tag_info":"Vie du Lyc\u00e9e","comment_count":"0","jetpack_featured_media_url":"https:\/\/cesarbaggio.fr\/WP\/wp-content\/uploads\/2023\/03\/recyclivre.jpg","jetpack_sharing_enabled":true,"_links":{"self":[{"href":"https:\/\/cesarbaggio.fr\/WP\/wp-json\/wp\/v2\/posts\/4277","targetHints":{"allow":["GET"]}}],"collection":[{"href":"https:\/\/cesarbaggio.fr\/WP\/wp-json\/wp\/v2\/posts"}],"about":[{"href":"https:\/\/cesarbaggio.fr\/WP\/wp-json\/wp\/v2\/types\/post"}],"author":[{"embeddable":true,"href":"https:\/\/cesarbaggio.fr\/WP\/wp-json\/wp\/v2\/users\/8"}],"replies":[{"embeddable":true,"href":"https:\/\/cesarbaggio.fr\/WP\/wp-json\/wp\/v2\/comments?post=4277"}],"version-history":[{"count":2,"href":"https:\/\/cesarbaggio.fr\/WP\/wp-json\/wp\/v2\/posts\/4277\/revisions"}],"predecessor-version":[{"id":4281,"href":"https:\/\/cesarbaggio.fr\/WP\/wp-json\/wp\/v2\/posts\/4277\/revisions\/4281"}],"wp:featuredmedia":[{"embeddable":true,"href":"https:\/\/cesarbaggio.fr\/WP\/wp-json\/wp\/v2\/media\/4279"}],"wp:attachment":[{"href":"https:\/\/cesarbaggio.fr\/WP\/wp-json\/wp\/v2\/media?parent=4277"}],"wp:term":[{"taxonomy":"category","embeddable":true,"href":"https:\/\/cesarbaggio.fr\/WP\/wp-json\/wp\/v2\/categories?post=4277"},{"taxonomy":"post_tag","embeddable":true,"href":"https:\/\/cesarbaggio.fr\/WP\/wp-json\/wp\/v2\/tags?post=4277"}],"curies":[{"name":"wp","href":"https:\/\/api.w.org\/{rel}","templated":true}]}}